{"id":1540,"date":"2025-03-07T13:45:04","date_gmt":"2025-03-07T13:45:04","guid":{"rendered":"https:\/\/giit.es\/2025\/04\/03\/que-puedes-hacer-para-evitar-incendios-forestales\/"},"modified":"2025-04-03T10:06:55","modified_gmt":"2025-04-03T10:06:55","slug":"que-puedes-hacer-para-evitar-incendios-forestales","status":"publish","type":"post","link":"https:\/\/giit.es\/pt-pt\/sem-categoria\/que-puedes-hacer-para-evitar-incendios-forestales\/","title":{"rendered":"O que podes fazer para evitar inc\u00eandios florestais?"},"content":{"rendered":"<p>Chega o ver\u00e3o e os inc\u00eandios florestais est\u00e3o na ordem do dia. S\u00e3o uma das maiores amea\u00e7as para a fauna e a flora. \u00c9 uma chaga que pesa no nosso pa\u00eds e que, apesar de serem causados muitas vezes pelas pr\u00f3prias intemp\u00e9ries do tempo (temperaturas altas, sol direto, seca, raios e rel\u00e2mpagos, etc.), o fator humano desempenha o maior papel nesses inc\u00eandios.<\/p>\n\n<p>Por isso, n\u00e3o s\u00f3 \u00e9 necess\u00e1rio conscientizar-se, mas tamb\u00e9m come\u00e7ar a agir, e faz\u00ea-lo durante todo o ano. Desde a Fragaservi queremos deixar claro quais s\u00e3o esse tipo de a\u00e7\u00f5es para que estejam presentes em todos os momentos e possam evitar situa\u00e7\u00f5es de emerg\u00eancia.<\/p>\n\n<ul class=\"wp-block-list\"><li>N\u00e3o deites no ch\u00e3o objetos ou res\u00edduos que possam provocar um inc\u00eandio, como beatas, f\u00f3sforos, garrafas e objetos de vidro, pl\u00e1sticos, latas, pap\u00e9is e outros elementos combust\u00edveis.<\/li>\n\n<li>N\u00e3o acendas fogo no campo, nem para queimar restos nem para fazer churrascos ou fogueiras. Qualquer pequena fa\u00edsca ou chama pode acabar em trag\u00e9dia. E se fores faz\u00ea-lo, que seja em locais especialmente habilitados para isso e com as devidas permiss\u00f5es.<\/li>\n\n<li>Se a sua habita\u00e7\u00e3o est\u00e1 rodeada por zonas verdes, recomenda-se n\u00e3o colocar sebes nem \u00e1rvores de esp\u00e9cies que ardam com facilidade. Ecologistas em A\u00e7\u00e3o tamb\u00e9m recomenda que n\u00e3o se construam churrasqueiras nos seus limites, ou n\u00e3o as utilizem em dias de vento e de maior risco, e depositar os res\u00edduos nos contentores ou aterros habilitados. Os seus propriet\u00e1rios deveriam aprovar um plano de autodefesa (instalar dep\u00f3sitos de \u00e1gua e hidrantes nas ruas, manter os caminhos adjacentes desobstru\u00eddos de ve\u00edculos e vegeta\u00e7\u00e3o, etc).<\/li>\n\n<li>Se tiver \u00e1rvores no jardim, elimine os ramos que toquem a fachada e afaste as reservas de lenha.<\/li>\n\n<li>N\u00e3o te aproximes com o carro em lugares com muita vegeta\u00e7\u00e3o, o contacto do tubo de escape com mato seco pode provocar um inc\u00eandio. Estaciona o ve\u00edculo em parques de estacionamento habilitados ou em zonas desimpedidas.<\/li>\n\n<li>N\u00e3o utilizes desbro\u00e7adoras, motosserras ou qualquer outro aparelho mec\u00e2nico que possa provocar fa\u00edscas ou calor intenso.<\/li>\n\n<li>Tenha \u00e0 m\u00e3o mangueiras e reservas de \u00e1gua para poder agir rapidamente em caso de um pequeno inc\u00eandio.<\/li><\/ul>\n\n\n<p>Se vires um inc\u00eandio ou uma coluna de fumo, \u00e9 preciso agir rapidamente: liga para o 112 de Emerg\u00eancias ou para o 062 da Guarda Civil e fornece todos os dados poss\u00edveis para que lhes seja f\u00e1cil localizar o inc\u00eandio.<\/p>\n\n<p>Se te encontras perto do inc\u00eandio, para evitar danos pessoais, tenta afastar-te o mais rapidamente poss\u00edvel, fugindo na dire\u00e7\u00e3o oposta ao vento ou por um lado, sempre por zonas desimpedidas de vegeta\u00e7\u00e3o, nunca ladeira acima nem em dire\u00e7\u00e3o a barrancos ou depress\u00f5es. Se fores de carro, fecha imediatamente as janelas.<\/p>\n\n\n<p><\/p>\n","protected":false},"excerpt":{"rendered":"<p>Chega o ver\u00e3o e os inc\u00eandios florestais est\u00e3o na ordem do dia. S\u00e3o uma das maiores amea\u00e7as para a fauna e a flora. \u00c9 uma chaga que pesa no nosso pa\u00eds e que, apesar de serem causados muitas vezes pelas pr\u00f3prias intemp\u00e9ries do tempo (temperaturas altas, sol direto, seca, raios e rel\u00e2mpagos, etc.), o fator [&hellip;]<\/p>\n","protected":false},"author":1,"featured_media":228,"comment_status":"open","ping_status":"open","sticky":false,"template":"","format":"standard","meta":{"_acf_changed":false,"inline_featured_image":false,"footnotes":""},"categories":[26],"tags":[],"class_list":["post-1540","post","type-post","status-publish","format-standard","has-post-thumbnail","hentry","category-sem-categoria"],"acf":[],"yoast_head":"<!-- This site is optimized with the Yoast SEO plugin v25.4 - https:\/\/yoast.com\/wordpress\/plugins\/seo\/ -->\n<title>O que podes fazer para evitar inc\u00eandios florestais? - Giit<\/title>\n<meta name=\"robots\" content=\"index, follow, max-snippet:-1, max-image-preview:large, max-video-preview:-1\" \/>\n<link rel=\"canonical\" href=\"https:\/\/giit.es\/pt-pt\/sem-categoria\/que-puedes-hacer-para-evitar-incendios-forestales\/\" \/>\n<meta property=\"og:locale\" content=\"pt_PT\" \/>\n<meta property=\"og:type\" content=\"article\" \/>\n<meta property=\"og:title\" content=\"O que podes fazer para evitar inc\u00eandios florestais? - Giit\" \/>\n<meta property=\"og:description\" content=\"Chega o ver\u00e3o e os inc\u00eandios florestais est\u00e3o na ordem do dia. S\u00e3o uma das maiores amea\u00e7as para a fauna e a flora. \u00c9 uma chaga que pesa no nosso pa\u00eds e que, apesar de serem causados muitas vezes pelas pr\u00f3prias intemp\u00e9ries do tempo (temperaturas altas, sol direto, seca, raios e rel\u00e2mpagos, etc.), o fator [&hellip;]\" \/>\n<meta property=\"og:url\" content=\"https:\/\/giit.es\/pt-pt\/sem-categoria\/que-puedes-hacer-para-evitar-incendios-forestales\/\" \/>\n<meta property=\"og:site_name\" content=\"Giit\" \/>\n<meta property=\"article:published_time\" content=\"2025-03-07T13:45:04+00:00\" \/>\n<meta property=\"article:modified_time\" content=\"2025-04-03T10:06:55+00:00\" \/>\n<meta property=\"og:image\" content=\"https:\/\/giit.es\/wp-content\/uploads\/2025\/03\/blog-img-03.jpg.png\" \/>\n\t<meta property=\"og:image:width\" content=\"414\" \/>\n\t<meta property=\"og:image:height\" content=\"281\" \/>\n\t<meta property=\"og:image:type\" content=\"image\/png\" \/>\n<meta name=\"author\" content=\"Dev_Squembri\" \/>\n<meta name=\"twitter:card\" content=\"summary_large_image\" \/>\n<meta name=\"twitter:label1\" content=\"Escrito por\" \/>\n\t<meta name=\"twitter:data1\" content=\"Dev_Squembri\" \/>\n\t<meta name=\"twitter:label2\" content=\"Tempo estimado de leitura\" \/>\n\t<meta name=\"twitter:data2\" content=\"2 minutos\" \/>\n<script type=\"application\/ld+json\" class=\"yoast-schema-graph\">{\"@context\":\"https:\/\/schema.org\",\"@graph\":[{\"@type\":\"WebPage\",\"@id\":\"https:\/\/giit.es\/pt-pt\/sem-categoria\/que-puedes-hacer-para-evitar-incendios-forestales\/\",\"url\":\"https:\/\/giit.es\/pt-pt\/sem-categoria\/que-puedes-hacer-para-evitar-incendios-forestales\/\",\"name\":\"O que podes fazer para evitar inc\u00eandios florestais? - Giit\",\"isPartOf\":{\"@id\":\"https:\/\/giit.es\/#website\"},\"primaryImageOfPage\":{\"@id\":\"https:\/\/giit.es\/pt-pt\/sem-categoria\/que-puedes-hacer-para-evitar-incendios-forestales\/#primaryimage\"},\"image\":{\"@id\":\"https:\/\/giit.es\/pt-pt\/sem-categoria\/que-puedes-hacer-para-evitar-incendios-forestales\/#primaryimage\"},\"thumbnailUrl\":\"https:\/\/giit.es\/wp-content\/uploads\/2025\/03\/blog-img-03.jpg.png\",\"datePublished\":\"2025-03-07T13:45:04+00:00\",\"dateModified\":\"2025-04-03T10:06:55+00:00\",\"author\":{\"@id\":\"https:\/\/giit.es\/#\/schema\/person\/c95e4b8c0dbe88e9f46d5f8143886de0\"},\"breadcrumb\":{\"@id\":\"https:\/\/giit.es\/pt-pt\/sem-categoria\/que-puedes-hacer-para-evitar-incendios-forestales\/#breadcrumb\"},\"inLanguage\":\"pt-PT\",\"potentialAction\":[{\"@type\":\"ReadAction\",\"target\":[\"https:\/\/giit.es\/pt-pt\/sem-categoria\/que-puedes-hacer-para-evitar-incendios-forestales\/\"]}]},{\"@type\":\"ImageObject\",\"inLanguage\":\"pt-PT\",\"@id\":\"https:\/\/giit.es\/pt-pt\/sem-categoria\/que-puedes-hacer-para-evitar-incendios-forestales\/#primaryimage\",\"url\":\"https:\/\/giit.es\/wp-content\/uploads\/2025\/03\/blog-img-03.jpg.png\",\"contentUrl\":\"https:\/\/giit.es\/wp-content\/uploads\/2025\/03\/blog-img-03.jpg.png\",\"width\":414,\"height\":281},{\"@type\":\"BreadcrumbList\",\"@id\":\"https:\/\/giit.es\/pt-pt\/sem-categoria\/que-puedes-hacer-para-evitar-incendios-forestales\/#breadcrumb\",\"itemListElement\":[{\"@type\":\"ListItem\",\"position\":1,\"name\":\"In\u00edcio\",\"item\":\"https:\/\/giit.es\/pt-pt\/\"},{\"@type\":\"ListItem\",\"position\":2,\"name\":\"O que podes fazer para evitar inc\u00eandios florestais?\"}]},{\"@type\":\"WebSite\",\"@id\":\"https:\/\/giit.es\/#website\",\"url\":\"https:\/\/giit.es\/\",\"name\":\"Giit\",\"description\":\"Tu vigilancia y\\u2028seguridad profesional\\u2028homologada\",\"potentialAction\":[{\"@type\":\"SearchAction\",\"target\":{\"@type\":\"EntryPoint\",\"urlTemplate\":\"https:\/\/giit.es\/?s={search_term_string}\"},\"query-input\":{\"@type\":\"PropertyValueSpecification\",\"valueRequired\":true,\"valueName\":\"search_term_string\"}}],\"inLanguage\":\"pt-PT\"},{\"@type\":\"Person\",\"@id\":\"https:\/\/giit.es\/#\/schema\/person\/c95e4b8c0dbe88e9f46d5f8143886de0\",\"name\":\"Dev_Squembri\",\"sameAs\":[\"https:\/\/giit.es\"],\"url\":\"https:\/\/giit.es\/pt-pt\/author\/dev_squembri\/\"}]}<\/script>\n<!-- \/ Yoast SEO plugin. -->","yoast_head_json":{"title":"O que podes fazer para evitar inc\u00eandios florestais? - Giit","robots":{"index":"index","follow":"follow","max-snippet":"max-snippet:-1","max-image-preview":"max-image-preview:large","max-video-preview":"max-video-preview:-1"},"canonical":"https:\/\/giit.es\/pt-pt\/sem-categoria\/que-puedes-hacer-para-evitar-incendios-forestales\/","og_locale":"pt_PT","og_type":"article","og_title":"O que podes fazer para evitar inc\u00eandios florestais? - Giit","og_description":"Chega o ver\u00e3o e os inc\u00eandios florestais est\u00e3o na ordem do dia. S\u00e3o uma das maiores amea\u00e7as para a fauna e a flora. \u00c9 uma chaga que pesa no nosso pa\u00eds e que, apesar de serem causados muitas vezes pelas pr\u00f3prias intemp\u00e9ries do tempo (temperaturas altas, sol direto, seca, raios e rel\u00e2mpagos, etc.), o fator [&hellip;]","og_url":"https:\/\/giit.es\/pt-pt\/sem-categoria\/que-puedes-hacer-para-evitar-incendios-forestales\/","og_site_name":"Giit","article_published_time":"2025-03-07T13:45:04+00:00","article_modified_time":"2025-04-03T10:06:55+00:00","og_image":[{"width":414,"height":281,"url":"https:\/\/giit.es\/wp-content\/uploads\/2025\/03\/blog-img-03.jpg.png","type":"image\/png"}],"author":"Dev_Squembri","twitter_card":"summary_large_image","twitter_misc":{"Escrito por":"Dev_Squembri","Tempo estimado de leitura":"2 minutos"},"schema":{"@context":"https:\/\/schema.org","@graph":[{"@type":"WebPage","@id":"https:\/\/giit.es\/pt-pt\/sem-categoria\/que-puedes-hacer-para-evitar-incendios-forestales\/","url":"https:\/\/giit.es\/pt-pt\/sem-categoria\/que-puedes-hacer-para-evitar-incendios-forestales\/","name":"O que podes fazer para evitar inc\u00eandios florestais? - Giit","isPartOf":{"@id":"https:\/\/giit.es\/#website"},"primaryImageOfPage":{"@id":"https:\/\/giit.es\/pt-pt\/sem-categoria\/que-puedes-hacer-para-evitar-incendios-forestales\/#primaryimage"},"image":{"@id":"https:\/\/giit.es\/pt-pt\/sem-categoria\/que-puedes-hacer-para-evitar-incendios-forestales\/#primaryimage"},"thumbnailUrl":"https:\/\/giit.es\/wp-content\/uploads\/2025\/03\/blog-img-03.jpg.png","datePublished":"2025-03-07T13:45:04+00:00","dateModified":"2025-04-03T10:06:55+00:00","author":{"@id":"https:\/\/giit.es\/#\/schema\/person\/c95e4b8c0dbe88e9f46d5f8143886de0"},"breadcrumb":{"@id":"https:\/\/giit.es\/pt-pt\/sem-categoria\/que-puedes-hacer-para-evitar-incendios-forestales\/#breadcrumb"},"inLanguage":"pt-PT","potentialAction":[{"@type":"ReadAction","target":["https:\/\/giit.es\/pt-pt\/sem-categoria\/que-puedes-hacer-para-evitar-incendios-forestales\/"]}]},{"@type":"ImageObject","inLanguage":"pt-PT","@id":"https:\/\/giit.es\/pt-pt\/sem-categoria\/que-puedes-hacer-para-evitar-incendios-forestales\/#primaryimage","url":"https:\/\/giit.es\/wp-content\/uploads\/2025\/03\/blog-img-03.jpg.png","contentUrl":"https:\/\/giit.es\/wp-content\/uploads\/2025\/03\/blog-img-03.jpg.png","width":414,"height":281},{"@type":"BreadcrumbList","@id":"https:\/\/giit.es\/pt-pt\/sem-categoria\/que-puedes-hacer-para-evitar-incendios-forestales\/#breadcrumb","itemListElement":[{"@type":"ListItem","position":1,"name":"In\u00edcio","item":"https:\/\/giit.es\/pt-pt\/"},{"@type":"ListItem","position":2,"name":"O que podes fazer para evitar inc\u00eandios florestais?"}]},{"@type":"WebSite","@id":"https:\/\/giit.es\/#website","url":"https:\/\/giit.es\/","name":"Giit","description":"Tu vigilancia y\u2028seguridad profesional\u2028homologada","potentialAction":[{"@type":"SearchAction","target":{"@type":"EntryPoint","urlTemplate":"https:\/\/giit.es\/?s={search_term_string}"},"query-input":{"@type":"PropertyValueSpecification","valueRequired":true,"valueName":"search_term_string"}}],"inLanguage":"pt-PT"},{"@type":"Person","@id":"https:\/\/giit.es\/#\/schema\/person\/c95e4b8c0dbe88e9f46d5f8143886de0","name":"Dev_Squembri","sameAs":["https:\/\/giit.es"],"url":"https:\/\/giit.es\/pt-pt\/author\/dev_squembri\/"}]}},"_links":{"self":[{"href":"https:\/\/giit.es\/pt-pt\/wp-json\/wp\/v2\/posts\/1540","targetHints":{"allow":["GET"]}}],"collection":[{"href":"https:\/\/giit.es\/pt-pt\/wp-json\/wp\/v2\/posts"}],"about":[{"href":"https:\/\/giit.es\/pt-pt\/wp-json\/wp\/v2\/types\/post"}],"author":[{"embeddable":true,"href":"https:\/\/giit.es\/pt-pt\/wp-json\/wp\/v2\/users\/1"}],"replies":[{"embeddable":true,"href":"https:\/\/giit.es\/pt-pt\/wp-json\/wp\/v2\/comments?post=1540"}],"version-history":[{"count":2,"href":"https:\/\/giit.es\/pt-pt\/wp-json\/wp\/v2\/posts\/1540\/revisions"}],"predecessor-version":[{"id":1546,"href":"https:\/\/giit.es\/pt-pt\/wp-json\/wp\/v2\/posts\/1540\/revisions\/1546"}],"wp:featuredmedia":[{"embeddable":true,"href":"https:\/\/giit.es\/pt-pt\/wp-json\/wp\/v2\/media\/228"}],"wp:attachment":[{"href":"https:\/\/giit.es\/pt-pt\/wp-json\/wp\/v2\/media?parent=1540"}],"wp:term":[{"taxonomy":"category","embeddable":true,"href":"https:\/\/giit.es\/pt-pt\/wp-json\/wp\/v2\/categories?post=1540"},{"taxonomy":"post_tag","embeddable":true,"href":"https:\/\/giit.es\/pt-pt\/wp-json\/wp\/v2\/tags?post=1540"}],"curies":[{"name":"wp","href":"https:\/\/api.w.org\/{rel}","templated":true}]}}