{"id":1536,"date":"2025-03-07T13:46:38","date_gmt":"2025-03-07T12:46:38","guid":{"rendered":"https:\/\/giit.es\/2025\/04\/03\/prepara-tu-casa-para-el-invierno-evitando-escapes-de-gas-e-incendios\/"},"modified":"2025-04-03T10:06:30","modified_gmt":"2025-04-03T10:06:30","slug":"prepara-tu-casa-para-el-invierno-evitando-escapes-de-gas-e-incendios","status":"publish","type":"post","link":"https:\/\/giit.es\/pt-pt\/sem-categoria\/prepara-tu-casa-para-el-invierno-evitando-escapes-de-gas-e-incendios\/","title":{"rendered":"Prepara a tua casa para o inverno evitando fugas de g\u00e1s e inc\u00eandios"},"content":{"rendered":"<p>Est\u00e1 a sua casa preparada para a chegada do inverno? Muitas vezes, s\u00f3 pensamos em trocar a roupa de ver\u00e3o por mantas e casacos, pensar nas pr\u00f3ximas faturas de g\u00e1s, eletricidade e \u00e1gua e que logo ficar\u00e1 escuro. Preparamo-nos f\u00edsica e mentalmente para o inverno, mas e a nossa casa? Tamb\u00e9m precisa estar preparada e cumprir certos requisitos de seguran\u00e7a para evitar problemas.<br>Recentemente, public\u00e1mos uma entrada sobre a necessidade de instalar em casa detectores de mon\u00f3xido de carbono e fal\u00e1mos sobre o seu uso e localiza\u00e7\u00e3o. Hoje vamos nos deter mais em conhecer como podemos prevenir problemas graves, como um escape de g\u00e1s ou um inc\u00eandio dom\u00e9stico devido ao mau estado e uso de caldeiras, aquecedores e outros eletrodom\u00e9sticos. Os equipamentos de aquecimento el\u00e9trico podem provocar cortes el\u00e9tricos ou pequenos inc\u00eandios se o sistema for sobrecarregado com v\u00e1rios aparelhos de aquecimento ou se houver problemas na tomada ou num cabo. Al\u00e9m disso, numa casa com crian\u00e7as, \u00e9 preciso ter muito cuidado para que elas n\u00e3o se aproximem nem toquem em radiadores, lareiras e outros equipamentos de aquecimento.<br>De forma primordial, \u00e9 necess\u00e1rio assegurar-se de que todos os aparelhos funcionam corretamente. Isso \u00e9 feito ligando os aparelhos el\u00e9tricos que utilizaremos frequentemente no inverno para verificar o seu funcionamento correto ou testando a caldeira para fornecer aquecimento durante um curto per\u00edodo e garantir que tudo est\u00e1 em ordem. Al\u00e9m disso, \u00e9 recomend\u00e1vel que esta \u00faltima a\u00e7\u00e3o seja realizada por um profissional, pois ele tem as ferramentas adequadas e conhece melhor do que ningu\u00e9m cada passo a ser dado e cada dado obtido.<\/p>\n\n<p>Uma vez realizadas estas verifica\u00e7\u00f5es, aqui est\u00e3o algumas dicas pr\u00e1ticas durante o seu uso:<\/p>\n\n<p>Revisar e usar corretamente o combust\u00edvel dos aquecedores. O abastecimento de parafina deve ser feito no exterior da habita\u00e7\u00e3o e com o aquecedor desligado. Uma vez realizada esta recarga, acenda o aquecedor no exterior e espere cerca de 10 minutos antes de o entrar, assim evitar\u00e1 que o interior da sua casa se contamine com os primeiros gases da combust\u00e3o inicial, estes \u00faltimos altamente t\u00f3xicos para a sua sa\u00fade.<\/p>\n\n<p>Se tem uma lareira que costuma acender frequentemente para aquecer o ambiente, \u00e9 necess\u00e1rio fazer uma limpeza profunda da mesma antes de a usar. Al\u00e9m disso, \u00e9 conveniente a instala\u00e7\u00e3o de um detector de fuma\u00e7a para controlar o seu funcionamento correto e estar alerta a qualquer ind\u00edcio de perigo. E instalar uma placa que evite que fa\u00edscas saltem para fora e possam queimar os objetos ao redor, como tapetes ou m\u00f3veis.<\/p>\n\n<p>Se dispomos de radiadores el\u00e9tricos, \u00e9 b\u00e1sico evitar sobrecargas do circuito e coloc\u00e1-los em zonas afastadas de qualquer contacto com \u00e1gua ou l\u00edquidos.<\/p>\n\n<p>\u00c9 importante advertir que o uso de braseiros ou lareiras para se aquecer no interior das habita\u00e7\u00f5es gera altas concentra\u00e7\u00f5es de mon\u00f3xido de carbono, pelo que o seu uso nos compartimentos da casa \u00e9 altamente perigoso para a vida das pessoas. N\u00e3o \u00e9 recomend\u00e1vel utiliz\u00e1-los.<\/p>\n\n<p>Importante, antes de se deitar ou sair de casa, verificar se todos os aparelhos est\u00e3o desligados.<\/p>\n\n<p>\u00c9 conveniente tamb\u00e9m deixar uma janela aberta sempre que acendermos uma chama, para que haja ventila\u00e7\u00e3o.<\/p>\n\n<p>N\u00e3o passar aquecedores para o banheiro enquanto tomamos banho.<\/p>\n\n\n<p><\/p>\n","protected":false},"excerpt":{"rendered":"<p>Est\u00e1 a sua casa preparada para a chegada do inverno? Muitas vezes, s\u00f3 pensamos em trocar a roupa de ver\u00e3o por mantas e casacos, pensar nas pr\u00f3ximas faturas de g\u00e1s, eletricidade e \u00e1gua e que logo ficar\u00e1 escuro. Preparamo-nos f\u00edsica e mentalmente para o inverno, mas e a nossa casa? Tamb\u00e9m precisa estar preparada e [&hellip;]<\/p>\n","protected":false},"author":1,"featured_media":193,"comment_status":"open","ping_status":"open","sticky":false,"template":"","format":"standard","meta":{"_acf_changed":false,"inline_featured_image":false,"footnotes":""},"categories":[26],"tags":[],"class_list":["post-1536","post","type-post","status-publish","format-standard","has-post-thumbnail","hentry","category-sem-categoria"],"acf":[],"yoast_head":"<!-- This site is optimized with the Yoast SEO plugin v25.4 - https:\/\/yoast.com\/wordpress\/plugins\/seo\/ -->\n<title>Prepara a tua casa para o inverno evitando fugas de g\u00e1s e inc\u00eandios - Giit<\/title>\n<meta name=\"robots\" content=\"index, follow, max-snippet:-1, max-image-preview:large, max-video-preview:-1\" \/>\n<link rel=\"canonical\" href=\"https:\/\/giit.es\/pt-pt\/sem-categoria\/prepara-tu-casa-para-el-invierno-evitando-escapes-de-gas-e-incendios\/\" \/>\n<meta property=\"og:locale\" content=\"pt_PT\" \/>\n<meta property=\"og:type\" content=\"article\" \/>\n<meta property=\"og:title\" content=\"Prepara a tua casa para o inverno evitando fugas de g\u00e1s e inc\u00eandios - Giit\" \/>\n<meta property=\"og:description\" content=\"Est\u00e1 a sua casa preparada para a chegada do inverno? Muitas vezes, s\u00f3 pensamos em trocar a roupa de ver\u00e3o por mantas e casacos, pensar nas pr\u00f3ximas faturas de g\u00e1s, eletricidade e \u00e1gua e que logo ficar\u00e1 escuro. Preparamo-nos f\u00edsica e mentalmente para o inverno, mas e a nossa casa? Tamb\u00e9m precisa estar preparada e [&hellip;]\" \/>\n<meta property=\"og:url\" content=\"https:\/\/giit.es\/pt-pt\/sem-categoria\/prepara-tu-casa-para-el-invierno-evitando-escapes-de-gas-e-incendios\/\" \/>\n<meta property=\"og:site_name\" content=\"Giit\" \/>\n<meta property=\"article:published_time\" content=\"2025-03-07T12:46:38+00:00\" \/>\n<meta property=\"article:modified_time\" content=\"2025-04-03T10:06:30+00:00\" \/>\n<meta property=\"og:image\" content=\"https:\/\/giit.es\/wp-content\/uploads\/2025\/02\/home-about-img.png\" \/>\n\t<meta property=\"og:image:width\" content=\"593\" \/>\n\t<meta property=\"og:image:height\" content=\"840\" \/>\n\t<meta property=\"og:image:type\" content=\"image\/png\" \/>\n<meta name=\"author\" content=\"Dev_Squembri\" \/>\n<meta name=\"twitter:card\" content=\"summary_large_image\" \/>\n<meta name=\"twitter:label1\" content=\"Escrito por\" \/>\n\t<meta name=\"twitter:data1\" content=\"Dev_Squembri\" \/>\n\t<meta name=\"twitter:label2\" content=\"Tempo estimado de leitura\" \/>\n\t<meta name=\"twitter:data2\" content=\"3 minutos\" \/>\n<script type=\"application\/ld+json\" class=\"yoast-schema-graph\">{\"@context\":\"https:\/\/schema.org\",\"@graph\":[{\"@type\":\"WebPage\",\"@id\":\"https:\/\/giit.es\/pt-pt\/sem-categoria\/prepara-tu-casa-para-el-invierno-evitando-escapes-de-gas-e-incendios\/\",\"url\":\"https:\/\/giit.es\/pt-pt\/sem-categoria\/prepara-tu-casa-para-el-invierno-evitando-escapes-de-gas-e-incendios\/\",\"name\":\"Prepara a tua casa para o inverno evitando fugas de g\u00e1s e inc\u00eandios - Giit\",\"isPartOf\":{\"@id\":\"https:\/\/giit.es\/#website\"},\"primaryImageOfPage\":{\"@id\":\"https:\/\/giit.es\/pt-pt\/sem-categoria\/prepara-tu-casa-para-el-invierno-evitando-escapes-de-gas-e-incendios\/#primaryimage\"},\"image\":{\"@id\":\"https:\/\/giit.es\/pt-pt\/sem-categoria\/prepara-tu-casa-para-el-invierno-evitando-escapes-de-gas-e-incendios\/#primaryimage\"},\"thumbnailUrl\":\"https:\/\/giit.es\/wp-content\/uploads\/2025\/02\/home-about-img.png\",\"datePublished\":\"2025-03-07T12:46:38+00:00\",\"dateModified\":\"2025-04-03T10:06:30+00:00\",\"author\":{\"@id\":\"https:\/\/giit.es\/#\/schema\/person\/c95e4b8c0dbe88e9f46d5f8143886de0\"},\"breadcrumb\":{\"@id\":\"https:\/\/giit.es\/pt-pt\/sem-categoria\/prepara-tu-casa-para-el-invierno-evitando-escapes-de-gas-e-incendios\/#breadcrumb\"},\"inLanguage\":\"pt-PT\",\"potentialAction\":[{\"@type\":\"ReadAction\",\"target\":[\"https:\/\/giit.es\/pt-pt\/sem-categoria\/prepara-tu-casa-para-el-invierno-evitando-escapes-de-gas-e-incendios\/\"]}]},{\"@type\":\"ImageObject\",\"inLanguage\":\"pt-PT\",\"@id\":\"https:\/\/giit.es\/pt-pt\/sem-categoria\/prepara-tu-casa-para-el-invierno-evitando-escapes-de-gas-e-incendios\/#primaryimage\",\"url\":\"https:\/\/giit.es\/wp-content\/uploads\/2025\/02\/home-about-img.png\",\"contentUrl\":\"https:\/\/giit.es\/wp-content\/uploads\/2025\/02\/home-about-img.png\",\"width\":593,\"height\":840},{\"@type\":\"BreadcrumbList\",\"@id\":\"https:\/\/giit.es\/pt-pt\/sem-categoria\/prepara-tu-casa-para-el-invierno-evitando-escapes-de-gas-e-incendios\/#breadcrumb\",\"itemListElement\":[{\"@type\":\"ListItem\",\"position\":1,\"name\":\"In\u00edcio\",\"item\":\"https:\/\/giit.es\/pt-pt\/\"},{\"@type\":\"ListItem\",\"position\":2,\"name\":\"Prepara a tua casa para o inverno evitando fugas de g\u00e1s e inc\u00eandios\"}]},{\"@type\":\"WebSite\",\"@id\":\"https:\/\/giit.es\/#website\",\"url\":\"https:\/\/giit.es\/\",\"name\":\"Giit\",\"description\":\"Tu vigilancia y\\u2028seguridad profesional\\u2028homologada\",\"potentialAction\":[{\"@type\":\"SearchAction\",\"target\":{\"@type\":\"EntryPoint\",\"urlTemplate\":\"https:\/\/giit.es\/?s={search_term_string}\"},\"query-input\":{\"@type\":\"PropertyValueSpecification\",\"valueRequired\":true,\"valueName\":\"search_term_string\"}}],\"inLanguage\":\"pt-PT\"},{\"@type\":\"Person\",\"@id\":\"https:\/\/giit.es\/#\/schema\/person\/c95e4b8c0dbe88e9f46d5f8143886de0\",\"name\":\"Dev_Squembri\",\"sameAs\":[\"https:\/\/giit.es\"],\"url\":\"https:\/\/giit.es\/pt-pt\/author\/dev_squembri\/\"}]}<\/script>\n<!-- \/ Yoast SEO plugin. -->","yoast_head_json":{"title":"Prepara a tua casa para o inverno evitando fugas de g\u00e1s e inc\u00eandios - Giit","robots":{"index":"index","follow":"follow","max-snippet":"max-snippet:-1","max-image-preview":"max-image-preview:large","max-video-preview":"max-video-preview:-1"},"canonical":"https:\/\/giit.es\/pt-pt\/sem-categoria\/prepara-tu-casa-para-el-invierno-evitando-escapes-de-gas-e-incendios\/","og_locale":"pt_PT","og_type":"article","og_title":"Prepara a tua casa para o inverno evitando fugas de g\u00e1s e inc\u00eandios - Giit","og_description":"Est\u00e1 a sua casa preparada para a chegada do inverno? Muitas vezes, s\u00f3 pensamos em trocar a roupa de ver\u00e3o por mantas e casacos, pensar nas pr\u00f3ximas faturas de g\u00e1s, eletricidade e \u00e1gua e que logo ficar\u00e1 escuro. Preparamo-nos f\u00edsica e mentalmente para o inverno, mas e a nossa casa? Tamb\u00e9m precisa estar preparada e [&hellip;]","og_url":"https:\/\/giit.es\/pt-pt\/sem-categoria\/prepara-tu-casa-para-el-invierno-evitando-escapes-de-gas-e-incendios\/","og_site_name":"Giit","article_published_time":"2025-03-07T12:46:38+00:00","article_modified_time":"2025-04-03T10:06:30+00:00","og_image":[{"width":593,"height":840,"url":"https:\/\/giit.es\/wp-content\/uploads\/2025\/02\/home-about-img.png","type":"image\/png"}],"author":"Dev_Squembri","twitter_card":"summary_large_image","twitter_misc":{"Escrito por":"Dev_Squembri","Tempo estimado de leitura":"3 minutos"},"schema":{"@context":"https:\/\/schema.org","@graph":[{"@type":"WebPage","@id":"https:\/\/giit.es\/pt-pt\/sem-categoria\/prepara-tu-casa-para-el-invierno-evitando-escapes-de-gas-e-incendios\/","url":"https:\/\/giit.es\/pt-pt\/sem-categoria\/prepara-tu-casa-para-el-invierno-evitando-escapes-de-gas-e-incendios\/","name":"Prepara a tua casa para o inverno evitando fugas de g\u00e1s e inc\u00eandios - Giit","isPartOf":{"@id":"https:\/\/giit.es\/#website"},"primaryImageOfPage":{"@id":"https:\/\/giit.es\/pt-pt\/sem-categoria\/prepara-tu-casa-para-el-invierno-evitando-escapes-de-gas-e-incendios\/#primaryimage"},"image":{"@id":"https:\/\/giit.es\/pt-pt\/sem-categoria\/prepara-tu-casa-para-el-invierno-evitando-escapes-de-gas-e-incendios\/#primaryimage"},"thumbnailUrl":"https:\/\/giit.es\/wp-content\/uploads\/2025\/02\/home-about-img.png","datePublished":"2025-03-07T12:46:38+00:00","dateModified":"2025-04-03T10:06:30+00:00","author":{"@id":"https:\/\/giit.es\/#\/schema\/person\/c95e4b8c0dbe88e9f46d5f8143886de0"},"breadcrumb":{"@id":"https:\/\/giit.es\/pt-pt\/sem-categoria\/prepara-tu-casa-para-el-invierno-evitando-escapes-de-gas-e-incendios\/#breadcrumb"},"inLanguage":"pt-PT","potentialAction":[{"@type":"ReadAction","target":["https:\/\/giit.es\/pt-pt\/sem-categoria\/prepara-tu-casa-para-el-invierno-evitando-escapes-de-gas-e-incendios\/"]}]},{"@type":"ImageObject","inLanguage":"pt-PT","@id":"https:\/\/giit.es\/pt-pt\/sem-categoria\/prepara-tu-casa-para-el-invierno-evitando-escapes-de-gas-e-incendios\/#primaryimage","url":"https:\/\/giit.es\/wp-content\/uploads\/2025\/02\/home-about-img.png","contentUrl":"https:\/\/giit.es\/wp-content\/uploads\/2025\/02\/home-about-img.png","width":593,"height":840},{"@type":"BreadcrumbList","@id":"https:\/\/giit.es\/pt-pt\/sem-categoria\/prepara-tu-casa-para-el-invierno-evitando-escapes-de-gas-e-incendios\/#breadcrumb","itemListElement":[{"@type":"ListItem","position":1,"name":"In\u00edcio","item":"https:\/\/giit.es\/pt-pt\/"},{"@type":"ListItem","position":2,"name":"Prepara a tua casa para o inverno evitando fugas de g\u00e1s e inc\u00eandios"}]},{"@type":"WebSite","@id":"https:\/\/giit.es\/#website","url":"https:\/\/giit.es\/","name":"Giit","description":"Tu vigilancia y\u2028seguridad profesional\u2028homologada","potentialAction":[{"@type":"SearchAction","target":{"@type":"EntryPoint","urlTemplate":"https:\/\/giit.es\/?s={search_term_string}"},"query-input":{"@type":"PropertyValueSpecification","valueRequired":true,"valueName":"search_term_string"}}],"inLanguage":"pt-PT"},{"@type":"Person","@id":"https:\/\/giit.es\/#\/schema\/person\/c95e4b8c0dbe88e9f46d5f8143886de0","name":"Dev_Squembri","sameAs":["https:\/\/giit.es"],"url":"https:\/\/giit.es\/pt-pt\/author\/dev_squembri\/"}]}},"_links":{"self":[{"href":"https:\/\/giit.es\/pt-pt\/wp-json\/wp\/v2\/posts\/1536","targetHints":{"allow":["GET"]}}],"collection":[{"href":"https:\/\/giit.es\/pt-pt\/wp-json\/wp\/v2\/posts"}],"about":[{"href":"https:\/\/giit.es\/pt-pt\/wp-json\/wp\/v2\/types\/post"}],"author":[{"embeddable":true,"href":"https:\/\/giit.es\/pt-pt\/wp-json\/wp\/v2\/users\/1"}],"replies":[{"embeddable":true,"href":"https:\/\/giit.es\/pt-pt\/wp-json\/wp\/v2\/comments?post=1536"}],"version-history":[{"count":2,"href":"https:\/\/giit.es\/pt-pt\/wp-json\/wp\/v2\/posts\/1536\/revisions"}],"predecessor-version":[{"id":1544,"href":"https:\/\/giit.es\/pt-pt\/wp-json\/wp\/v2\/posts\/1536\/revisions\/1544"}],"wp:featuredmedia":[{"embeddable":true,"href":"https:\/\/giit.es\/pt-pt\/wp-json\/wp\/v2\/media\/193"}],"wp:attachment":[{"href":"https:\/\/giit.es\/pt-pt\/wp-json\/wp\/v2\/media?parent=1536"}],"wp:term":[{"taxonomy":"category","embeddable":true,"href":"https:\/\/giit.es\/pt-pt\/wp-json\/wp\/v2\/categories?post=1536"},{"taxonomy":"post_tag","embeddable":true,"href":"https:\/\/giit.es\/pt-pt\/wp-json\/wp\/v2\/tags?post=1536"}],"curies":[{"name":"wp","href":"https:\/\/api.w.org\/{rel}","templated":true}]}}