{"id":1527,"date":"2025-03-07T13:44:12","date_gmt":"2025-03-07T13:44:12","guid":{"rendered":"https:\/\/giit.es\/2025\/04\/03\/retimbrado-de-extintores-unidad-movil\/"},"modified":"2025-04-03T10:05:46","modified_gmt":"2025-04-03T10:05:46","slug":"retimbrado-de-extintores-unidad-movil","status":"publish","type":"post","link":"https:\/\/giit.es\/pt-pt\/sem-categoria\/retimbrado-de-extintores-unidad-movil\/","title":{"rendered":"Retimbragem de extintores<br>unidade m\u00f3vel"},"content":{"rendered":"<p>A esta\u00e7\u00e3o de servi\u00e7o m\u00f3vel, FRITZEMDE \u00e9 o apoio perfeito para a nossa empresa de manuten\u00e7\u00e3o de extintores.<\/p>\n\n<p>combina todas as m\u00e1quinas necess\u00e1rias no espa\u00e7o dispon\u00edvel em um ve\u00edculo industrial.<\/p>\n\n<p>a utiliza\u00e7\u00e3o da nossa unidade m\u00f3vel para os nossos clientes \u00e9 o resultado de prestar um servi\u00e7o r\u00e1pido e in situ, causando o m\u00ednimo de inc\u00f3modo ao cliente.<\/p>\n\n<p>Realiza\u00e7\u00e3o de trabalhos: Estacionamento, cadeias hoteleiras, esta\u00e7\u00f5es de servi\u00e7o, cadeia de supermercados, Edif. da administra\u00e7\u00e3o, Hospital, Hot\u00e9is \u2026<\/p>","protected":false},"excerpt":{"rendered":"<p>A esta\u00e7\u00e3o de servi\u00e7o m\u00f3vel, FRITZEMDE \u00e9 o apoio perfeito para a nossa empresa de manuten\u00e7\u00e3o de extintores. combina todas as m\u00e1quinas necess\u00e1rias no espa\u00e7o dispon\u00edvel em um ve\u00edculo industrial. a utiliza\u00e7\u00e3o da nossa unidade m\u00f3vel para os nossos clientes \u00e9 o resultado de prestar um servi\u00e7o r\u00e1pido e in situ, causando o m\u00ednimo de [&hellip;]<\/p>\n","protected":false},"author":1,"featured_media":226,"comment_status":"open","ping_status":"open","sticky":false,"template":"","format":"standard","meta":{"_acf_changed":false,"inline_featured_image":false,"footnotes":""},"categories":[26],"tags":[],"class_list":["post-1527","post","type-post","status-publish","format-standard","has-post-thumbnail","hentry","category-sem-categoria"],"acf":[],"yoast_head":"<!-- This site is optimized with the Yoast SEO plugin v25.4 - https:\/\/yoast.com\/wordpress\/plugins\/seo\/ -->\n<title>Retimbragem de extintoresunidade m\u00f3vel - Giit<\/title>\n<meta name=\"robots\" content=\"index, follow, max-snippet:-1, max-image-preview:large, max-video-preview:-1\" \/>\n<link rel=\"canonical\" href=\"https:\/\/giit.es\/pt-pt\/sem-categoria\/retimbrado-de-extintores-unidad-movil\/\" \/>\n<meta property=\"og:locale\" content=\"pt_PT\" \/>\n<meta property=\"og:type\" content=\"article\" \/>\n<meta property=\"og:title\" content=\"Retimbragem de extintoresunidade m\u00f3vel - Giit\" \/>\n<meta property=\"og:description\" content=\"A esta\u00e7\u00e3o de servi\u00e7o m\u00f3vel, FRITZEMDE \u00e9 o apoio perfeito para a nossa empresa de manuten\u00e7\u00e3o de extintores. combina todas as m\u00e1quinas necess\u00e1rias no espa\u00e7o dispon\u00edvel em um ve\u00edculo industrial. a utiliza\u00e7\u00e3o da nossa unidade m\u00f3vel para os nossos clientes \u00e9 o resultado de prestar um servi\u00e7o r\u00e1pido e in situ, causando o m\u00ednimo de [&hellip;]\" \/>\n<meta property=\"og:url\" content=\"https:\/\/giit.es\/pt-pt\/sem-categoria\/retimbrado-de-extintores-unidad-movil\/\" \/>\n<meta property=\"og:site_name\" content=\"Giit\" \/>\n<meta property=\"article:published_time\" content=\"2025-03-07T13:44:12+00:00\" \/>\n<meta property=\"article:modified_time\" content=\"2025-04-03T10:05:46+00:00\" \/>\n<meta property=\"og:image\" content=\"https:\/\/giit.es\/wp-content\/uploads\/2025\/03\/blog-img-01.jpg.png\" \/>\n\t<meta property=\"og:image:width\" content=\"413\" \/>\n\t<meta property=\"og:image:height\" content=\"281\" \/>\n\t<meta property=\"og:image:type\" content=\"image\/png\" \/>\n<meta name=\"author\" content=\"Dev_Squembri\" \/>\n<meta name=\"twitter:card\" content=\"summary_large_image\" \/>\n<meta name=\"twitter:label1\" content=\"Escrito por\" \/>\n\t<meta name=\"twitter:data1\" content=\"Dev_Squembri\" \/>\n<script type=\"application\/ld+json\" class=\"yoast-schema-graph\">{\"@context\":\"https:\/\/schema.org\",\"@graph\":[{\"@type\":\"WebPage\",\"@id\":\"https:\/\/giit.es\/pt-pt\/sem-categoria\/retimbrado-de-extintores-unidad-movil\/\",\"url\":\"https:\/\/giit.es\/pt-pt\/sem-categoria\/retimbrado-de-extintores-unidad-movil\/\",\"name\":\"Retimbragem de extintores unidade m\u00f3vel - Giit\",\"isPartOf\":{\"@id\":\"https:\/\/giit.es\/#website\"},\"primaryImageOfPage\":{\"@id\":\"https:\/\/giit.es\/pt-pt\/sem-categoria\/retimbrado-de-extintores-unidad-movil\/#primaryimage\"},\"image\":{\"@id\":\"https:\/\/giit.es\/pt-pt\/sem-categoria\/retimbrado-de-extintores-unidad-movil\/#primaryimage\"},\"thumbnailUrl\":\"https:\/\/giit.es\/wp-content\/uploads\/2025\/03\/blog-img-01.jpg.png\",\"datePublished\":\"2025-03-07T13:44:12+00:00\",\"dateModified\":\"2025-04-03T10:05:46+00:00\",\"author\":{\"@id\":\"https:\/\/giit.es\/#\/schema\/person\/c95e4b8c0dbe88e9f46d5f8143886de0\"},\"breadcrumb\":{\"@id\":\"https:\/\/giit.es\/pt-pt\/sem-categoria\/retimbrado-de-extintores-unidad-movil\/#breadcrumb\"},\"inLanguage\":\"pt-PT\",\"potentialAction\":[{\"@type\":\"ReadAction\",\"target\":[\"https:\/\/giit.es\/pt-pt\/sem-categoria\/retimbrado-de-extintores-unidad-movil\/\"]}]},{\"@type\":\"ImageObject\",\"inLanguage\":\"pt-PT\",\"@id\":\"https:\/\/giit.es\/pt-pt\/sem-categoria\/retimbrado-de-extintores-unidad-movil\/#primaryimage\",\"url\":\"https:\/\/giit.es\/wp-content\/uploads\/2025\/03\/blog-img-01.jpg.png\",\"contentUrl\":\"https:\/\/giit.es\/wp-content\/uploads\/2025\/03\/blog-img-01.jpg.png\",\"width\":413,\"height\":281},{\"@type\":\"BreadcrumbList\",\"@id\":\"https:\/\/giit.es\/pt-pt\/sem-categoria\/retimbrado-de-extintores-unidad-movil\/#breadcrumb\",\"itemListElement\":[{\"@type\":\"ListItem\",\"position\":1,\"name\":\"In\u00edcio\",\"item\":\"https:\/\/giit.es\/pt-pt\/\"},{\"@type\":\"ListItem\",\"position\":2,\"name\":\"Retimbragem de extintoresunidade m\u00f3vel\"}]},{\"@type\":\"WebSite\",\"@id\":\"https:\/\/giit.es\/#website\",\"url\":\"https:\/\/giit.es\/\",\"name\":\"Giit\",\"description\":\"Tu vigilancia y\\u2028seguridad profesional\\u2028homologada\",\"potentialAction\":[{\"@type\":\"SearchAction\",\"target\":{\"@type\":\"EntryPoint\",\"urlTemplate\":\"https:\/\/giit.es\/?s={search_term_string}\"},\"query-input\":{\"@type\":\"PropertyValueSpecification\",\"valueRequired\":true,\"valueName\":\"search_term_string\"}}],\"inLanguage\":\"pt-PT\"},{\"@type\":\"Person\",\"@id\":\"https:\/\/giit.es\/#\/schema\/person\/c95e4b8c0dbe88e9f46d5f8143886de0\",\"name\":\"Dev_Squembri\",\"sameAs\":[\"https:\/\/giit.es\"],\"url\":\"https:\/\/giit.es\/pt-pt\/author\/dev_squembri\/\"}]}<\/script>\n<!-- \/ Yoast SEO plugin. -->","yoast_head_json":{"title":"Retimbragem de extintoresunidade m\u00f3vel - Giit","robots":{"index":"index","follow":"follow","max-snippet":"max-snippet:-1","max-image-preview":"max-image-preview:large","max-video-preview":"max-video-preview:-1"},"canonical":"https:\/\/giit.es\/pt-pt\/sem-categoria\/retimbrado-de-extintores-unidad-movil\/","og_locale":"pt_PT","og_type":"article","og_title":"Retimbragem de extintoresunidade m\u00f3vel - Giit","og_description":"A esta\u00e7\u00e3o de servi\u00e7o m\u00f3vel, FRITZEMDE \u00e9 o apoio perfeito para a nossa empresa de manuten\u00e7\u00e3o de extintores. combina todas as m\u00e1quinas necess\u00e1rias no espa\u00e7o dispon\u00edvel em um ve\u00edculo industrial. a utiliza\u00e7\u00e3o da nossa unidade m\u00f3vel para os nossos clientes \u00e9 o resultado de prestar um servi\u00e7o r\u00e1pido e in situ, causando o m\u00ednimo de [&hellip;]","og_url":"https:\/\/giit.es\/pt-pt\/sem-categoria\/retimbrado-de-extintores-unidad-movil\/","og_site_name":"Giit","article_published_time":"2025-03-07T13:44:12+00:00","article_modified_time":"2025-04-03T10:05:46+00:00","og_image":[{"width":413,"height":281,"url":"https:\/\/giit.es\/wp-content\/uploads\/2025\/03\/blog-img-01.jpg.png","type":"image\/png"}],"author":"Dev_Squembri","twitter_card":"summary_large_image","twitter_misc":{"Escrito por":"Dev_Squembri"},"schema":{"@context":"https:\/\/schema.org","@graph":[{"@type":"WebPage","@id":"https:\/\/giit.es\/pt-pt\/sem-categoria\/retimbrado-de-extintores-unidad-movil\/","url":"https:\/\/giit.es\/pt-pt\/sem-categoria\/retimbrado-de-extintores-unidad-movil\/","name":"Retimbragem de extintores unidade m\u00f3vel - Giit","isPartOf":{"@id":"https:\/\/giit.es\/#website"},"primaryImageOfPage":{"@id":"https:\/\/giit.es\/pt-pt\/sem-categoria\/retimbrado-de-extintores-unidad-movil\/#primaryimage"},"image":{"@id":"https:\/\/giit.es\/pt-pt\/sem-categoria\/retimbrado-de-extintores-unidad-movil\/#primaryimage"},"thumbnailUrl":"https:\/\/giit.es\/wp-content\/uploads\/2025\/03\/blog-img-01.jpg.png","datePublished":"2025-03-07T13:44:12+00:00","dateModified":"2025-04-03T10:05:46+00:00","author":{"@id":"https:\/\/giit.es\/#\/schema\/person\/c95e4b8c0dbe88e9f46d5f8143886de0"},"breadcrumb":{"@id":"https:\/\/giit.es\/pt-pt\/sem-categoria\/retimbrado-de-extintores-unidad-movil\/#breadcrumb"},"inLanguage":"pt-PT","potentialAction":[{"@type":"ReadAction","target":["https:\/\/giit.es\/pt-pt\/sem-categoria\/retimbrado-de-extintores-unidad-movil\/"]}]},{"@type":"ImageObject","inLanguage":"pt-PT","@id":"https:\/\/giit.es\/pt-pt\/sem-categoria\/retimbrado-de-extintores-unidad-movil\/#primaryimage","url":"https:\/\/giit.es\/wp-content\/uploads\/2025\/03\/blog-img-01.jpg.png","contentUrl":"https:\/\/giit.es\/wp-content\/uploads\/2025\/03\/blog-img-01.jpg.png","width":413,"height":281},{"@type":"BreadcrumbList","@id":"https:\/\/giit.es\/pt-pt\/sem-categoria\/retimbrado-de-extintores-unidad-movil\/#breadcrumb","itemListElement":[{"@type":"ListItem","position":1,"name":"In\u00edcio","item":"https:\/\/giit.es\/pt-pt\/"},{"@type":"ListItem","position":2,"name":"Retimbragem de extintoresunidade m\u00f3vel"}]},{"@type":"WebSite","@id":"https:\/\/giit.es\/#website","url":"https:\/\/giit.es\/","name":"Giit","description":"Tu vigilancia y\u2028seguridad profesional\u2028homologada","potentialAction":[{"@type":"SearchAction","target":{"@type":"EntryPoint","urlTemplate":"https:\/\/giit.es\/?s={search_term_string}"},"query-input":{"@type":"PropertyValueSpecification","valueRequired":true,"valueName":"search_term_string"}}],"inLanguage":"pt-PT"},{"@type":"Person","@id":"https:\/\/giit.es\/#\/schema\/person\/c95e4b8c0dbe88e9f46d5f8143886de0","name":"Dev_Squembri","sameAs":["https:\/\/giit.es"],"url":"https:\/\/giit.es\/pt-pt\/author\/dev_squembri\/"}]}},"_links":{"self":[{"href":"https:\/\/giit.es\/pt-pt\/wp-json\/wp\/v2\/posts\/1527","targetHints":{"allow":["GET"]}}],"collection":[{"href":"https:\/\/giit.es\/pt-pt\/wp-json\/wp\/v2\/posts"}],"about":[{"href":"https:\/\/giit.es\/pt-pt\/wp-json\/wp\/v2\/types\/post"}],"author":[{"embeddable":true,"href":"https:\/\/giit.es\/pt-pt\/wp-json\/wp\/v2\/users\/1"}],"replies":[{"embeddable":true,"href":"https:\/\/giit.es\/pt-pt\/wp-json\/wp\/v2\/comments?post=1527"}],"version-history":[{"count":2,"href":"https:\/\/giit.es\/pt-pt\/wp-json\/wp\/v2\/posts\/1527\/revisions"}],"predecessor-version":[{"id":1538,"href":"https:\/\/giit.es\/pt-pt\/wp-json\/wp\/v2\/posts\/1527\/revisions\/1538"}],"wp:featuredmedia":[{"embeddable":true,"href":"https:\/\/giit.es\/pt-pt\/wp-json\/wp\/v2\/media\/226"}],"wp:attachment":[{"href":"https:\/\/giit.es\/pt-pt\/wp-json\/wp\/v2\/media?parent=1527"}],"wp:term":[{"taxonomy":"category","embeddable":true,"href":"https:\/\/giit.es\/pt-pt\/wp-json\/wp\/v2\/categories?post=1527"},{"taxonomy":"post_tag","embeddable":true,"href":"https:\/\/giit.es\/pt-pt\/wp-json\/wp\/v2\/tags?post=1527"}],"curies":[{"name":"wp","href":"https:\/\/api.w.org\/{rel}","templated":true}]}}