{"id":1499,"date":"2025-02-17T09:58:00","date_gmt":"2025-02-17T09:58:00","guid":{"rendered":"https:\/\/giit.es\/2025\/04\/03\/grupo-integral-innovacion-tecnologica-s-l-ha-sido-beneficiaria-del-fondo-europeo-de-desarrollo-regional\/"},"modified":"2025-04-03T10:05:39","modified_gmt":"2025-04-03T10:05:39","slug":"grupo-integral-innovacion-tecnologica-s-l-ha-sido-beneficiaria-del-fondo-europeo-de-desarrollo-regional","status":"publish","type":"post","link":"https:\/\/giit.es\/en\/sin-categoria\/grupo-integral-innovacion-tecnologica-s-l-ha-sido-beneficiaria-del-fondo-europeo-de-desarrollo-regional\/","title":{"rendered":"INTEGRAL GROUP TECHNOLOGICAL INNOVATION S.L. has been a beneficiary of the European Regional Development Fund"},"content":{"rendered":"\n<p>GRUPO INTEGRAL INNOVACION TECNOLOGICA S.L., ha sido beneficiaria del Fondo Europeo de Desarrollo Regional, cuyo objetivo es promover el desarrollo tecnol\u00f3gico, la innovaci\u00f3n y una investigaci\u00f3n de calidad, gracias al cual ha puesto en marcha un Plan de Acci\u00f3n con el objetivo de mejorar la competitividad empresarial apoyada en la innovaci\u00f3n de la pyme, durante el a\u00f1o 2024. Para ello ha contado con el apoyo del Programa Pyme Innova de la C\u00e1mara de Comercio de Granada.<\/p>\n","protected":false},"excerpt":{"rendered":"<p>GRUPO INTEGRAL INNOVACION TECNOLOGICA S.L., ha sido beneficiaria del Fondo Europeo de Desarrollo Regional, cuyo objetivo es promover el desarrollo tecnol\u00f3gico, la innovaci\u00f3n y una investigaci\u00f3n de calidad, gracias al cual ha puesto en marcha un Plan de Acci\u00f3n con el objetivo de mejorar la competitividad empresarial apoyada en la innovaci\u00f3n de la pyme, durante [&hellip;]<\/p>\n","protected":false},"author":1,"featured_media":1488,"comment_status":"open","ping_status":"open","sticky":false,"template":"","format":"standard","meta":{"_acf_changed":false,"inline_featured_image":false,"footnotes":""},"categories":[1],"tags":[],"class_list":["post-1499","post","type-post","status-publish","format-standard","has-post-thumbnail","hentry","category-sin-categoria"],"acf":[],"yoast_head":"<!-- This site is optimized with the Yoast SEO plugin v25.4 - https:\/\/yoast.com\/wordpress\/plugins\/seo\/ -->\n<title>INTEGRAL GROUP TECHNOLOGICAL INNOVATION S.L. has been a beneficiary of the European Regional Development Fund - Giit<\/title>\n<meta name=\"robots\" content=\"index, follow, max-snippet:-1, max-image-preview:large, max-video-preview:-1\" \/>\n<link rel=\"canonical\" href=\"https:\/\/giit.es\/en\/sin-categoria\/grupo-integral-innovacion-tecnologica-s-l-ha-sido-beneficiaria-del-fondo-europeo-de-desarrollo-regional\/\" \/>\n<meta property=\"og:locale\" content=\"en_US\" \/>\n<meta property=\"og:type\" content=\"article\" \/>\n<meta property=\"og:title\" content=\"INTEGRAL GROUP TECHNOLOGICAL INNOVATION S.L. has been a beneficiary of the European Regional Development Fund - Giit\" \/>\n<meta property=\"og:description\" content=\"GRUPO INTEGRAL INNOVACION TECNOLOGICA S.L., ha sido beneficiaria del Fondo Europeo de Desarrollo Regional, cuyo objetivo es promover el desarrollo tecnol\u00f3gico, la innovaci\u00f3n y una investigaci\u00f3n de calidad, gracias al cual ha puesto en marcha un Plan de Acci\u00f3n con el objetivo de mejorar la competitividad empresarial apoyada en la innovaci\u00f3n de la pyme, durante [&hellip;]\" \/>\n<meta property=\"og:url\" content=\"https:\/\/giit.es\/en\/sin-categoria\/grupo-integral-innovacion-tecnologica-s-l-ha-sido-beneficiaria-del-fondo-europeo-de-desarrollo-regional\/\" \/>\n<meta property=\"og:site_name\" content=\"Giit\" \/>\n<meta property=\"article:published_time\" content=\"2025-02-17T09:58:00+00:00\" \/>\n<meta property=\"article:modified_time\" content=\"2025-04-03T10:05:39+00:00\" \/>\n<meta property=\"og:image\" content=\"https:\/\/giit.es\/wp-content\/uploads\/2025\/02\/programa-pyme-innova.png\" \/>\n\t<meta property=\"og:image:width\" content=\"1747\" \/>\n\t<meta property=\"og:image:height\" content=\"1233\" \/>\n\t<meta property=\"og:image:type\" content=\"image\/png\" \/>\n<meta name=\"author\" content=\"Dev_Squembri\" \/>\n<meta name=\"twitter:card\" content=\"summary_large_image\" \/>\n<meta name=\"twitter:label1\" content=\"Written by\" \/>\n\t<meta name=\"twitter:data1\" content=\"Dev_Squembri\" \/>\n<script type=\"application\/ld+json\" class=\"yoast-schema-graph\">{\"@context\":\"https:\/\/schema.org\",\"@graph\":[{\"@type\":\"WebPage\",\"@id\":\"https:\/\/giit.es\/en\/sin-categoria\/grupo-integral-innovacion-tecnologica-s-l-ha-sido-beneficiaria-del-fondo-europeo-de-desarrollo-regional\/\",\"url\":\"https:\/\/giit.es\/en\/sin-categoria\/grupo-integral-innovacion-tecnologica-s-l-ha-sido-beneficiaria-del-fondo-europeo-de-desarrollo-regional\/\",\"name\":\"INTEGRAL GROUP TECHNOLOGICAL INNOVATION S.L. has been a beneficiary of the European Regional Development Fund - Giit\",\"isPartOf\":{\"@id\":\"https:\/\/giit.es\/#website\"},\"primaryImageOfPage\":{\"@id\":\"https:\/\/giit.es\/en\/sin-categoria\/grupo-integral-innovacion-tecnologica-s-l-ha-sido-beneficiaria-del-fondo-europeo-de-desarrollo-regional\/#primaryimage\"},\"image\":{\"@id\":\"https:\/\/giit.es\/en\/sin-categoria\/grupo-integral-innovacion-tecnologica-s-l-ha-sido-beneficiaria-del-fondo-europeo-de-desarrollo-regional\/#primaryimage\"},\"thumbnailUrl\":\"https:\/\/giit.es\/wp-content\/uploads\/2025\/02\/programa-pyme-innova.png\",\"datePublished\":\"2025-02-17T09:58:00+00:00\",\"dateModified\":\"2025-04-03T10:05:39+00:00\",\"author\":{\"@id\":\"https:\/\/giit.es\/#\/schema\/person\/c95e4b8c0dbe88e9f46d5f8143886de0\"},\"breadcrumb\":{\"@id\":\"https:\/\/giit.es\/en\/sin-categoria\/grupo-integral-innovacion-tecnologica-s-l-ha-sido-beneficiaria-del-fondo-europeo-de-desarrollo-regional\/#breadcrumb\"},\"inLanguage\":\"en-US\",\"potentialAction\":[{\"@type\":\"ReadAction\",\"target\":[\"https:\/\/giit.es\/en\/sin-categoria\/grupo-integral-innovacion-tecnologica-s-l-ha-sido-beneficiaria-del-fondo-europeo-de-desarrollo-regional\/\"]}]},{\"@type\":\"ImageObject\",\"inLanguage\":\"en-US\",\"@id\":\"https:\/\/giit.es\/en\/sin-categoria\/grupo-integral-innovacion-tecnologica-s-l-ha-sido-beneficiaria-del-fondo-europeo-de-desarrollo-regional\/#primaryimage\",\"url\":\"https:\/\/giit.es\/wp-content\/uploads\/2025\/02\/programa-pyme-innova.png\",\"contentUrl\":\"https:\/\/giit.es\/wp-content\/uploads\/2025\/02\/programa-pyme-innova.png\",\"width\":1747,\"height\":1233},{\"@type\":\"BreadcrumbList\",\"@id\":\"https:\/\/giit.es\/en\/sin-categoria\/grupo-integral-innovacion-tecnologica-s-l-ha-sido-beneficiaria-del-fondo-europeo-de-desarrollo-regional\/#breadcrumb\",\"itemListElement\":[{\"@type\":\"ListItem\",\"position\":1,\"name\":\"Home\",\"item\":\"https:\/\/giit.es\/en\/\"},{\"@type\":\"ListItem\",\"position\":2,\"name\":\"INTEGRAL GROUP TECHNOLOGICAL INNOVATION S.L. has been a beneficiary of the European Regional Development Fund\"}]},{\"@type\":\"WebSite\",\"@id\":\"https:\/\/giit.es\/#website\",\"url\":\"https:\/\/giit.es\/\",\"name\":\"Giit\",\"description\":\"Tu vigilancia y\\u2028seguridad profesional\\u2028homologada\",\"potentialAction\":[{\"@type\":\"SearchAction\",\"target\":{\"@type\":\"EntryPoint\",\"urlTemplate\":\"https:\/\/giit.es\/?s={search_term_string}\"},\"query-input\":{\"@type\":\"PropertyValueSpecification\",\"valueRequired\":true,\"valueName\":\"search_term_string\"}}],\"inLanguage\":\"en-US\"},{\"@type\":\"Person\",\"@id\":\"https:\/\/giit.es\/#\/schema\/person\/c95e4b8c0dbe88e9f46d5f8143886de0\",\"name\":\"Dev_Squembri\",\"sameAs\":[\"https:\/\/giit.es\"],\"url\":\"https:\/\/giit.es\/en\/author\/dev_squembri\/\"}]}<\/script>\n<!-- \/ Yoast SEO plugin. -->","yoast_head_json":{"title":"INTEGRAL GROUP TECHNOLOGICAL INNOVATION S.L. has been a beneficiary of the European Regional Development Fund - Giit","robots":{"index":"index","follow":"follow","max-snippet":"max-snippet:-1","max-image-preview":"max-image-preview:large","max-video-preview":"max-video-preview:-1"},"canonical":"https:\/\/giit.es\/en\/sin-categoria\/grupo-integral-innovacion-tecnologica-s-l-ha-sido-beneficiaria-del-fondo-europeo-de-desarrollo-regional\/","og_locale":"en_US","og_type":"article","og_title":"INTEGRAL GROUP TECHNOLOGICAL INNOVATION S.L. has been a beneficiary of the European Regional Development Fund - Giit","og_description":"GRUPO INTEGRAL INNOVACION TECNOLOGICA S.L., ha sido beneficiaria del Fondo Europeo de Desarrollo Regional, cuyo objetivo es promover el desarrollo tecnol\u00f3gico, la innovaci\u00f3n y una investigaci\u00f3n de calidad, gracias al cual ha puesto en marcha un Plan de Acci\u00f3n con el objetivo de mejorar la competitividad empresarial apoyada en la innovaci\u00f3n de la pyme, durante [&hellip;]","og_url":"https:\/\/giit.es\/en\/sin-categoria\/grupo-integral-innovacion-tecnologica-s-l-ha-sido-beneficiaria-del-fondo-europeo-de-desarrollo-regional\/","og_site_name":"Giit","article_published_time":"2025-02-17T09:58:00+00:00","article_modified_time":"2025-04-03T10:05:39+00:00","og_image":[{"width":1747,"height":1233,"url":"https:\/\/giit.es\/wp-content\/uploads\/2025\/02\/programa-pyme-innova.png","type":"image\/png"}],"author":"Dev_Squembri","twitter_card":"summary_large_image","twitter_misc":{"Written by":"Dev_Squembri"},"schema":{"@context":"https:\/\/schema.org","@graph":[{"@type":"WebPage","@id":"https:\/\/giit.es\/en\/sin-categoria\/grupo-integral-innovacion-tecnologica-s-l-ha-sido-beneficiaria-del-fondo-europeo-de-desarrollo-regional\/","url":"https:\/\/giit.es\/en\/sin-categoria\/grupo-integral-innovacion-tecnologica-s-l-ha-sido-beneficiaria-del-fondo-europeo-de-desarrollo-regional\/","name":"INTEGRAL GROUP TECHNOLOGICAL INNOVATION S.L. has been a beneficiary of the European Regional Development Fund - Giit","isPartOf":{"@id":"https:\/\/giit.es\/#website"},"primaryImageOfPage":{"@id":"https:\/\/giit.es\/en\/sin-categoria\/grupo-integral-innovacion-tecnologica-s-l-ha-sido-beneficiaria-del-fondo-europeo-de-desarrollo-regional\/#primaryimage"},"image":{"@id":"https:\/\/giit.es\/en\/sin-categoria\/grupo-integral-innovacion-tecnologica-s-l-ha-sido-beneficiaria-del-fondo-europeo-de-desarrollo-regional\/#primaryimage"},"thumbnailUrl":"https:\/\/giit.es\/wp-content\/uploads\/2025\/02\/programa-pyme-innova.png","datePublished":"2025-02-17T09:58:00+00:00","dateModified":"2025-04-03T10:05:39+00:00","author":{"@id":"https:\/\/giit.es\/#\/schema\/person\/c95e4b8c0dbe88e9f46d5f8143886de0"},"breadcrumb":{"@id":"https:\/\/giit.es\/en\/sin-categoria\/grupo-integral-innovacion-tecnologica-s-l-ha-sido-beneficiaria-del-fondo-europeo-de-desarrollo-regional\/#breadcrumb"},"inLanguage":"en-US","potentialAction":[{"@type":"ReadAction","target":["https:\/\/giit.es\/en\/sin-categoria\/grupo-integral-innovacion-tecnologica-s-l-ha-sido-beneficiaria-del-fondo-europeo-de-desarrollo-regional\/"]}]},{"@type":"ImageObject","inLanguage":"en-US","@id":"https:\/\/giit.es\/en\/sin-categoria\/grupo-integral-innovacion-tecnologica-s-l-ha-sido-beneficiaria-del-fondo-europeo-de-desarrollo-regional\/#primaryimage","url":"https:\/\/giit.es\/wp-content\/uploads\/2025\/02\/programa-pyme-innova.png","contentUrl":"https:\/\/giit.es\/wp-content\/uploads\/2025\/02\/programa-pyme-innova.png","width":1747,"height":1233},{"@type":"BreadcrumbList","@id":"https:\/\/giit.es\/en\/sin-categoria\/grupo-integral-innovacion-tecnologica-s-l-ha-sido-beneficiaria-del-fondo-europeo-de-desarrollo-regional\/#breadcrumb","itemListElement":[{"@type":"ListItem","position":1,"name":"Home","item":"https:\/\/giit.es\/en\/"},{"@type":"ListItem","position":2,"name":"INTEGRAL GROUP TECHNOLOGICAL INNOVATION S.L. has been a beneficiary of the European Regional Development Fund"}]},{"@type":"WebSite","@id":"https:\/\/giit.es\/#website","url":"https:\/\/giit.es\/","name":"Giit","description":"Tu vigilancia y\u2028seguridad profesional\u2028homologada","potentialAction":[{"@type":"SearchAction","target":{"@type":"EntryPoint","urlTemplate":"https:\/\/giit.es\/?s={search_term_string}"},"query-input":{"@type":"PropertyValueSpecification","valueRequired":true,"valueName":"search_term_string"}}],"inLanguage":"en-US"},{"@type":"Person","@id":"https:\/\/giit.es\/#\/schema\/person\/c95e4b8c0dbe88e9f46d5f8143886de0","name":"Dev_Squembri","sameAs":["https:\/\/giit.es"],"url":"https:\/\/giit.es\/en\/author\/dev_squembri\/"}]}},"_links":{"self":[{"href":"https:\/\/giit.es\/en\/wp-json\/wp\/v2\/posts\/1499","targetHints":{"allow":["GET"]}}],"collection":[{"href":"https:\/\/giit.es\/en\/wp-json\/wp\/v2\/posts"}],"about":[{"href":"https:\/\/giit.es\/en\/wp-json\/wp\/v2\/types\/post"}],"author":[{"embeddable":true,"href":"https:\/\/giit.es\/en\/wp-json\/wp\/v2\/users\/1"}],"replies":[{"embeddable":true,"href":"https:\/\/giit.es\/en\/wp-json\/wp\/v2\/comments?post=1499"}],"version-history":[{"count":3,"href":"https:\/\/giit.es\/en\/wp-json\/wp\/v2\/posts\/1499\/revisions"}],"predecessor-version":[{"id":1518,"href":"https:\/\/giit.es\/en\/wp-json\/wp\/v2\/posts\/1499\/revisions\/1518"}],"wp:featuredmedia":[{"embeddable":true,"href":"https:\/\/giit.es\/en\/wp-json\/wp\/v2\/media\/1488"}],"wp:attachment":[{"href":"https:\/\/giit.es\/en\/wp-json\/wp\/v2\/media?parent=1499"}],"wp:term":[{"taxonomy":"category","embeddable":true,"href":"https:\/\/giit.es\/en\/wp-json\/wp\/v2\/categories?post=1499"},{"taxonomy":"post_tag","embeddable":true,"href":"https:\/\/giit.es\/en\/wp-json\/wp\/v2\/tags?post=1499"}],"curies":[{"name":"wp","href":"https:\/\/api.w.org\/{rel}","templated":true}]}}